{"id":771,"date":"2011-05-06T11:35:08","date_gmt":"2011-05-06T10:35:08","guid":{"rendered":"http:\/\/www.lengua-aymara.com\/?p=771"},"modified":"2011-06-20T23:15:30","modified_gmt":"2011-06-20T22:15:30","slug":"tv-en-aymara-y-gobierno-indigena","status":"publish","type":"post","link":"https:\/\/www.aymara.org\/lengua\/2011\/tv-en-aymara-y-gobierno-indigena\/","title":{"rendered":"TV en aymara y gobierno ind\u00edgena"},"content":{"rendered":"<p>Evo Morales \u00bfes un presidente ind\u00edgena? \u00bfacaso socialista? \u00bfhabla aymara o quechua? \u00bfutiliza siempre el aymara en el ejercicio de sus funciones oficiales?<!--more--><\/p>\n<p>El pueblo <a href=\"http:\/\/es.wikipedia.org\/wiki\/Pa%C3%ADses_Bajos\">holand\u00e9s<\/a> luch\u00f3 (y los <a href=\"http:\/\/es.wikipedia.org\/wiki\/Comunidad_flamenca_de_B%C3%A9lgica\">flamencos de B\u00e9lgica<\/a> siguen luchando) para conseguir que su idioma y cultura sean oficiales en sus propios estados. Los flamencos antes estaban empobrecidos pero ahora son pr\u00f3speros (igual que lo son los <a href=\"http:\/\/es.wikipedia.org\/wiki\/Catalu%C3%B1a\">catalanes de Espa\u00f1a<\/a>) y no desean seguir subordin\u00e1ndose a los <a href=\"http:\/\/es.wikipedia.org\/wiki\/Comunidad_francesa_de_B%C3%A9lgica\">valones<\/a> que hablan franc\u00e9s.<\/p>\n<p><img loading=\"lazy\" decoding=\"async\" class=\"alignright\" title=\"tv aymara aruta\" src=\"https:\/\/lh5.googleusercontent.com\/__FlRQvqElMg\/TcP29ikPNDI\/AAAAAAAAAPU\/Gem5N95iRys\/s288\/tv-set-002.jpg\" alt=\"tv aymar aruta\" width=\"288\" height=\"211\" \/>En Turqu\u00eda, los <a href=\"http:\/\/es.wikipedia.org\/wiki\/Kurdo\">kurdos<\/a>, cuya patria &#8211;el <a href=\"http:\/\/es.wikipedia.org\/wiki\/Kurdist%C3%A1n\">Kurdist\u00e1n<\/a>&#8212; se encuentra repartida entre Turqu\u00eda, Siria, Iraq e Ir\u00e1n (igual que el Aymara Marka, el pueblo aymara) hacen grandes esfuerzos para no ser asimilados a los turcos de las monta\u00f1as (al igual que en Marruecos o en el Per\u00fa, la \u00abgente ind\u00edgena\u00bb se retir\u00f3 a las monta\u00f1as cuando los \u00e1rabes invadieron el norte de \u00c1frica, los hispanos el antiguo Per\u00fa y los turcos penetraron desde el norte de Asia en la pen\u00ednsula de Anatolia donde viv\u00edan los kurdos). <a href=\"http:\/\/translate.google.es\/translate?sl=en&amp;tl=es&amp;js=n&amp;prev=_t&amp;hl=es&amp;ie=UTF-8&amp;layout=2&amp;eotf=1&amp;u=http%3A%2F%2Fnews.bbc.co.uk%2F2%2Fhi%2Fworld%2Fmonitoring%2F280616.stm&amp;act=url\">Los kurdos han conseguido tener televisi\u00f3n en su propia lengua<\/a>.<\/p>\n<p>\u00bfPorqu\u00e9 no existe televisi\u00f3n en aymara o quechua en Bolivia? \u00bfun canal independiente? <span style=\"background-color: yellow;\"><strong>Los medios de comunicaci\u00f3n modernos como la radio y la televisi\u00f3n son v\u00edas para mantener viva la lengua y en pleno uso<\/strong><\/span>. Cuando una lengua no se utiliza esa lengua muere. Cuando la lengua se usa esa lengua no muere nunca. Realmente no entiendo por qu\u00e9 no existe televisi\u00f3n en aymara \u00bfacaso Evo no es presidente?<\/p>\n<hr \/>\n<div class=\"footnote\">(*) M. Luk&#8217;a\u00f1a Champi es un quechua cusque\u00f1o estudiante de ling\u00fc\u00edstica en la Vrije Universiteit Amsterdam. Mensaje privado reproducido con permiso del autor.<\/div>\n","protected":false},"excerpt":{"rendered":"<p>Evo Morales \u00bfes un presidente ind\u00edgena? \u00bfacaso socialista? \u00bfhabla aymara o quechua? \u00bfutiliza el aymara en el ejercicio de sus funciones oficiales? <a href=\"https:\/\/www.aymara.org\/lengua\/2011\/tv-en-aymara-y-gobierno-indigena\/\">Sigue leyendo <span class=\"meta-nav\">&rarr;<\/span><\/a><\/p>\n","protected":false},"author":3,"featured_media":0,"comment_status":"open","ping_status":"open","sticky":false,"template":"","format":"standard","meta":{"footnotes":""},"categories":[21],"tags":[5,4,30,99,101,100],"class_list":["post-771","post","type-post","status-publish","format-standard","hentry","category-politica","tag-aimara","tag-aymara","tag-bolivia","tag-m-lukana-champi","tag-politica-linguistica","tag-tv"],"_links":{"self":[{"href":"https:\/\/www.aymara.org\/lengua\/wp-json\/wp\/v2\/posts\/771","targetHints":{"allow":["GET"]}}],"collection":[{"href":"https:\/\/www.aymara.org\/lengua\/wp-json\/wp\/v2\/posts"}],"about":[{"href":"https:\/\/www.aymara.org\/lengua\/wp-json\/wp\/v2\/types\/post"}],"author":[{"embeddable":true,"href":"https:\/\/www.aymara.org\/lengua\/wp-json\/wp\/v2\/users\/3"}],"replies":[{"embeddable":true,"href":"https:\/\/www.aymara.org\/lengua\/wp-json\/wp\/v2\/comments?post=771"}],"version-history":[{"count":2,"href":"https:\/\/www.aymara.org\/lengua\/wp-json\/wp\/v2\/posts\/771\/revisions"}],"predecessor-version":[{"id":818,"href":"https:\/\/www.aymara.org\/lengua\/wp-json\/wp\/v2\/posts\/771\/revisions\/818"}],"wp:attachment":[{"href":"https:\/\/www.aymara.org\/lengua\/wp-json\/wp\/v2\/media?parent=771"}],"wp:term":[{"taxonomy":"category","embeddable":true,"href":"https:\/\/www.aymara.org\/lengua\/wp-json\/wp\/v2\/categories?post=771"},{"taxonomy":"post_tag","embeddable":true,"href":"https:\/\/www.aymara.org\/lengua\/wp-json\/wp\/v2\/tags?post=771"}],"curies":[{"name":"wp","href":"https:\/\/api.w.org\/{rel}","templated":true}]}}