{"id":626,"date":"2010-12-05T23:18:39","date_gmt":"2010-12-05T21:18:39","guid":{"rendered":"http:\/\/www.lengua-aymara.com\/?p=626"},"modified":"2010-12-15T23:30:32","modified_gmt":"2010-12-15T21:30:32","slug":"vii-congreso-de-lengua-y-cultura-aymara","status":"publish","type":"post","link":"https:\/\/www.aymara.org\/lengua\/2010\/vii-congreso-de-lengua-y-cultura-aymara\/","title":{"rendered":"VII Congreso de Lengua y Cultura Aymara"},"content":{"rendered":"<p>A trav\u00e9s de una comunicaci\u00f3n de Francisco Ancco Rodr\u00edguez, que preside la instituci\u00f3n anfitriona, nos enteramos de que que se celebra en Puno (Per\u00fa), los d\u00edas 16, 17 y 18 de diciembre de 2010, el VII Congreso Internacional de Lengua y Cultura Aymara, que en esta oportunidad ser\u00e1 organizado por la APLA<!--more-->, <sup>[1]<\/sup> Academia Peruana de la Lengua Aymara (<a href=\"http:\/\/www.aymara.org\/lengua\/notas\/a\/#ayaym\">ay<\/a>: Aymara Aru Lup&#8217;i\u00f1a Uta), organizaci\u00f3n que tiene su sede en la mencionada ciudad de Puno.<\/p>\n<div style=\"width: 349px\" class=\"wp-caption alignright\"><img loading=\"lazy\" decoding=\"async\" title=\"Detalle del afiche promocional del congreso\" src=\"http:\/\/lh4.ggpht.com\/__FlRQvqElMg\/TPrIgB3h11I\/AAAAAAAAALk\/N9_Y0d42g-g\/s800\/None.jpg\" alt=\"Detalle del afiche promocional del congreso\" width=\"339\" height=\"405\" \/><p class=\"wp-caption-text\">Detalle de la propaganda del congreso<\/p><\/div>\n<p>El congreso tendr\u00e1 lugar en el auditorium del Instituto Superior Pedag\u00f3gico Puno (ISPP), en la zona de Salcedo de la ciudad lacustre.<\/p>\n<p>He aqu\u00ed un extracto los fines que se declaran en el folleto promocional del evento:<\/p>\n<ul>\n<li>Normar el uso de la lengua aymara tanto a nivel oral, escrito de un proceso de cultivo y revitalizaci\u00f3n de esa lengua a fin de que ingrese a un cauce de evoluci\u00f3n y desarrollo.<\/li>\n<li>Conservar, cultivar y difundir el conocimiento de la lengua aymara.<\/li>\n<li>Promover el estudio, investigaci\u00f3n y difusi\u00f3n de la lengua aymara.<\/li>\n<li>Fomentar y apoyar la ense\u00f1anza de la lengua aymara.<\/li>\n<li>Otorgar certificaci\u00f3n que corresponda en capacitaciones, cursos y eventos organizados por la Academia.<\/li>\n<li>Contribuir a la revitalizacion integral y permanente de la cultura aymara.<\/li>\n<\/ul>\n<p>Para m\u00e1s informaci\u00f3n, pueden dirigirse al Sr. Ancco Rodr\u00edguez o a la APLA. Los datos de contacto se encuentran en los dos anexos que se adjuntan a continuaci\u00f3n.<\/p>\n<p>Tr\u00edptico promocional del congreso:<\/p>\n<div><object style=\"width: 600px; height: 423px;\" classid=\"clsid:d27cdb6e-ae6d-11cf-96b8-444553540000\" width=\"100\" height=\"100\" codebase=\"http:\/\/download.macromedia.com\/pub\/shockwave\/cabs\/flash\/swflash.cab#version=6,0,40,0\"><param name=\"allowfullscreen\" value=\"true\" \/><param name=\"menu\" value=\"false\" \/><param name=\"src\" value=\"http:\/\/static.issuu.com\/webembed\/viewers\/style1\/v1\/IssuuViewer.swf?mode=embed&amp;viewMode=presentation&amp;layout=http%3A%2F%2Fskin.issuu.com%2Fv%2Fcolor%2Flayout.xml&amp;backgroundColor=FFFFFF&amp;showFlipBtn=true&amp;documentId=101205003144-f7348213fea04a30bddca64be591b6b7&amp;docName=congreso-aymara-2010-diptico&amp;username=acondori&amp;loadingInfoText=VII%20Congreso%20Aymara%20-%20D%C3%ADptico&amp;et=1291581913476&amp;er=46\" \/><param name=\"flashvars\" value=\"mode=embed&amp;viewMode=presentation&amp;layout=http%3A%2F%2Fskin.issuu.com%2Fv%2Fcolor%2Flayout.xml&amp;backgroundColor=FFFFFF&amp;showFlipBtn=true&amp;documentId=101205003144-f7348213fea04a30bddca64be591b6b7&amp;docName=congreso-aymara-2010-diptico&amp;username=acondori&amp;loadingInfoText=VII%20Congreso%20Aymara%20-%20D%C3%ADptico&amp;et=1291581913476&amp;er=46\" \/><embed style=\"width: 600px; height: 423px;\" type=\"application\/x-shockwave-flash\" width=\"100\" height=\"100\" src=\"http:\/\/static.issuu.com\/webembed\/viewers\/style1\/v1\/IssuuViewer.swf?mode=embed&amp;viewMode=presentation&amp;layout=http%3A%2F%2Fskin.issuu.com%2Fv%2Fcolor%2Flayout.xml&amp;backgroundColor=FFFFFF&amp;showFlipBtn=true&amp;documentId=101205003144-f7348213fea04a30bddca64be591b6b7&amp;docName=congreso-aymara-2010-diptico&amp;username=acondori&amp;loadingInfoText=VII%20Congreso%20Aymara%20-%20D%C3%ADptico&amp;et=1291581913476&amp;er=46\" flashvars=\"mode=embed&amp;viewMode=presentation&amp;layout=http%3A%2F%2Fskin.issuu.com%2Fv%2Fcolor%2Flayout.xml&amp;backgroundColor=FFFFFF&amp;showFlipBtn=true&amp;documentId=101205003144-f7348213fea04a30bddca64be591b6b7&amp;docName=congreso-aymara-2010-diptico&amp;username=acondori&amp;loadingInfoText=VII%20Congreso%20Aymara%20-%20D%C3%ADptico&amp;et=1291581913476&amp;er=46\" menu=\"false\" allowfullscreen=\"true\"><\/embed><\/object><\/div>\n<p><a href=\"http:\/\/issuu.com\/acondori\/docs\/congreso-aymara-2010-convocatoria\" target=\"_blank\">Oficio de invitaci\u00f3n y convocatoria<\/a> del congreso.<\/p>\n<p><strong>Nota:<\/strong> El presente sitio web Mayachat Aymara se limita a difundir la noticia debido a su inter\u00e9s, no teniendo nada que ver con la con la APLA ni con la organizaci\u00f3n del congreso.<\/p>\n<p><strong>Nota:<\/strong> Algunas ediciones pasadas del congreso.<\/p>\n<ul>\n<li><a href=\"http:\/\/www.cepos.bo\/index.php?option=com_content&amp;view=article&amp;id=40%3Av-congreso-internacional-de-lengua-y-cultura-aymara&amp;catid=67&amp;Itemid=19\">V Congreso Internacional de Lengua y Cultura Aymara<\/a> (Iquique, Chile &#8211; Diciembre 2004)<\/li>\n<li><a href=\"http:\/\/www.mail-archive.com\/aymaralist@yahoogroups.com\/msg05099.html\">VI Congreso Internacional de Lengua y Cultura Aymara<\/a> (Jujuy, Argentina &#8211; Octubre 2008)<\/li>\n<\/ul>\n<p><strong>Nota:<\/strong> Una versi\u00f3n m\u00e1s tosca del afiche promocional.<\/p>\n<div style=\"width: 210px\" class=\"wp-caption aligncenter\"><img loading=\"lazy\" decoding=\"async\" title=\"Afiche del congreso\" src=\"http:\/\/lh6.ggpht.com\/__FlRQvqElMg\/TP58PE7XB4I\/AAAAAAAAAME\/77cUTWgVKoY\/s800\/50516_173317212695708_4254072_n.jpg\" alt=\"Afiche del congreso\" width=\"200\" height=\"267\" \/><p class=\"wp-caption-text\">Afiche<\/p><\/div>\n<hr \/>\n<p class=\"footnote\">[1] Tambi\u00e9n colaboran en la organizaci\u00f3n la UNA (<a rel=\"nofollow\" href=\"http:\/\/www.unap.edu.pe\">Universidad Nacional del Altiplano<\/a>, Puno), la <a rel=\"nofollow\" href=\"http:\/\/www.drepuno.gob.pe\/\">Direcci\u00f3n Regional de Educaci\u00f3n Puno<\/a> (MINEDU, Per\u00fa) y el ISPP (<a rel=\"nofollow\" href=\"http:\/\/www.isppuno.edu.pe\">Instituto Superior Pedag\u00f3gico Puno<\/a>).<\/p>\n","protected":false},"excerpt":{"rendered":"<p>Los d\u00edas 16, 17 y 18 de diciembre de 2010 se celebra en Puno, Per\u00fa el VII Congreso Internacional de Lengua y Cultura Aymara organizado por APLA, la Academia Peruana de la Lengua Aymara <a href=\"https:\/\/www.aymara.org\/lengua\/2010\/vii-congreso-de-lengua-y-cultura-aymara\/\">Sigue leyendo <span class=\"meta-nav\">&rarr;<\/span><\/a><\/p>\n","protected":false},"author":2,"featured_media":0,"comment_status":"open","ping_status":"open","sticky":false,"template":"","format":"standard","meta":{"footnotes":""},"categories":[79],"tags":[5,4,80,82,81,49],"class_list":["post-626","post","type-post","status-publish","format-standard","hentry","category-noticias","tag-aimara","tag-aymara","tag-congreso","tag-language","tag-lengua","tag-puno"],"_links":{"self":[{"href":"https:\/\/www.aymara.org\/lengua\/wp-json\/wp\/v2\/posts\/626","targetHints":{"allow":["GET"]}}],"collection":[{"href":"https:\/\/www.aymara.org\/lengua\/wp-json\/wp\/v2\/posts"}],"about":[{"href":"https:\/\/www.aymara.org\/lengua\/wp-json\/wp\/v2\/types\/post"}],"author":[{"embeddable":true,"href":"https:\/\/www.aymara.org\/lengua\/wp-json\/wp\/v2\/users\/2"}],"replies":[{"embeddable":true,"href":"https:\/\/www.aymara.org\/lengua\/wp-json\/wp\/v2\/comments?post=626"}],"version-history":[{"count":3,"href":"https:\/\/www.aymara.org\/lengua\/wp-json\/wp\/v2\/posts\/626\/revisions"}],"predecessor-version":[{"id":1058,"href":"https:\/\/www.aymara.org\/lengua\/wp-json\/wp\/v2\/posts\/626\/revisions\/1058"}],"wp:attachment":[{"href":"https:\/\/www.aymara.org\/lengua\/wp-json\/wp\/v2\/media?parent=626"}],"wp:term":[{"taxonomy":"category","embeddable":true,"href":"https:\/\/www.aymara.org\/lengua\/wp-json\/wp\/v2\/categories?post=626"},{"taxonomy":"post_tag","embeddable":true,"href":"https:\/\/www.aymara.org\/lengua\/wp-json\/wp\/v2\/tags?post=626"}],"curies":[{"name":"wp","href":"https:\/\/api.w.org\/{rel}","templated":true}]}}