{"id":366,"date":"2009-12-18T17:55:56","date_gmt":"2009-12-18T21:55:56","guid":{"rendered":"http:\/\/www.lengua-aymara.com\/?p=366"},"modified":"2010-01-11T10:59:39","modified_gmt":"2010-01-11T14:59:39","slug":"en-version-boliviana","status":"publish","type":"post","link":"https:\/\/www.aymara.org\/lengua\/2009\/en-version-boliviana\/","title":{"rendered":"En versi\u00f3n boliviana"},"content":{"rendered":"<p>Usar la imaginaci\u00f3n a veces es posibilista, otras veces es autocomplaciente y me gustar\u00eda que esta vez fuera un acto de rebeld\u00eda cr\u00edtica imaginando las noticias en versi\u00f3n boliviana.<!--more--><\/p>\n<p>\u00bfSe acuerdan de Guardiola? Ese tipo que, <span style=\"background-color:yellow\"><strong>a diferencia de lo que suele hacer cualquier profesional aymara en su propio pa\u00eds<\/strong><\/span>, s\u00ed se atrev\u00eda a hablar su lengua materna frente a decenas de otros profesionales periodistas (y en Ucrania, adem\u00e1s). Por favor, <a href=\"http:\/\/www.aymara.org\/lengua\/el-brillo-de-la-lealtad-al-idioma\/\">acu\u00e9rdense<\/a>.<\/p>\n<p>Bien, ya se han acordado. Me llev\u00e9 un recuerdo de todo esto, una peque\u00f1a fotograf\u00eda de un peri\u00f3dico del d\u00eda:<\/p>\n<div style=\"width: 459px\" class=\"wp-caption aligncenter\"><img loading=\"lazy\" decoding=\"async\" class=\" \" title=\"El t\u00e9cnico azulgrana usa el catal\u00e1n como lengua habitual en sus comparecencias p\u00fablicas (Diario El Mundo, 2009-12-10)\" src=\"http:\/\/lh4.ggpht.com\/_iv8atqPh7oA\/SyulrcvjiNI\/AAAAAAAACLA\/Gk6zEwZTq2w\/s800\/IMGA0044.JPG\" alt=\"\" width=\"449\" height=\"289\" \/><p class=\"wp-caption-text\">azulgrana = del FC Barcelona<\/p><\/div>\n<p>Es reconfortante que alguien, aunque est\u00e9 defendiendo una lengua que no es la m\u00eda, haga lo que tiene que hacer, sin filosof\u00edas ni motivos floridos. Usemos esa imaginaci\u00f3n de la que habl\u00e1bamos al principio y seamos un poco <em>malvados<\/em>. Vamos a imaginar nuestra propia <em>versi\u00f3n boliviana<\/em>.<\/p>\n<p style=\"text-align: center;\"><img loading=\"lazy\" decoding=\"async\" class=\"aligncenter\" title=\"El t\u00e9cnico boliviano usa el aymara como lengua habitual en sus comparecencias p\u00fablicas\" src=\"http:\/\/lh3.ggpht.com\/_iv8atqPh7oA\/Syus_aQybOI\/AAAAAAAACL0\/lCeKIGRR3tc\/s800\/tec-bo-aymara-001.jpg\" alt=\"\" width=\"449\" height=\"289\" \/><\/p>\n<p>\u00bfImaginan esto? Yo tampoco. Pero dijimos que quer\u00edamos que la imaginaci\u00f3n fuese cr\u00edticamente rebelde. Seamos cr\u00edticos entonces. <span style=\"background-color:yellow\">Esto y no otra cosa es lo que deber\u00edan decir los peri\u00f3dicos en Bolivia, en Per\u00fa, en Chile<\/span> (pero sobre todo en Bolivia). No tendr\u00eda que ser una cosa especial; f\u00edjense como dice \u00ablengua habitual\u00bb, as\u00ed que la cosa es no solo <em>jallalla Bolivia<\/em> o <em>jilatanak kullakanaka<\/em> de vez en cuando, no, la cosa es habitual. M\u00e1s imaginaci\u00f3n.<\/p>\n<p style=\"text-align: center;\"><img loading=\"lazy\" decoding=\"async\" class=\"aligncenter\" title=\"El Ministro Choque usa el aymara como lengua habitual en sus comparecencias p\u00fablicas\" src=\"http:\/\/lh4.ggpht.com\/_iv8atqPh7oA\/SyuxuipSOfI\/AAAAAAAACMs\/1fbgjEBNhMc\/s800\/tec-bo-aymara-002.jpg\" alt=\"\" width=\"449\" height=\"289\" \/><\/p>\n<p>\u00bfPor qu\u00e9 no? \u00bfPor qu\u00e9 no un Ministro del <a href=\"http:\/\/www.padep.org.bo\/www\/index.php?pg=proyectos\/Anteriores\/gobierno_determina\/\">Estado Plurinacional<\/a>? \u00bfPor qu\u00e9 no Roberto Choque, aymara y <a href=\"http:\/\/www.minculturas.gob.bo\/\">Ministro de Culturas<\/a>? \u00bfPor qu\u00e9? \u00bfPedimos demasiado? Olvidemos un momento que nuestra lengua est\u00e1 minorizada. Imaginemos por un momento que nuestra lengua viviera una situaci\u00f3n NORMAL, como cualquier otra lengua, como el alem\u00e1n en Alemania o el franc\u00e9s en Francia. Si pensamos en el aymara como una lengua normal, entonces no ser\u00e1 tan raro imaginar esto. Ahora es el momento en que tenemos que ser ambiciosos. Ahora, no cuando gobierne Tuto, o Costas, o alg\u00fan <em>caballero<\/em> de la medialuna\u2026 tarde o temprano, ese momento va a llegar. Ahora es la hora de actuar. A-ho-ra.<\/p>\n<p style=\"text-align: center;\"><img loading=\"lazy\" decoding=\"async\" class=\"aligncenter\" title=\"El Presidente Morales usa el aymara como lengua habitual en sus comparecencias p\u00fablicas\" src=\"http:\/\/lh5.ggpht.com\/_iv8atqPh7oA\/Syuzf35CmJI\/AAAAAAAACNQ\/Ud0UZSo23NM\/s800\/tec-bo-aymara-003.jpg\" alt=\"\" width=\"449\" height=\"289\" \/><\/p>\n<p>\u00bfImaginan al Presidente del Estado Plurinacional, Evo Morales Ayma usando el aymara en ruedas de prensa y actos p\u00fablicos? No deber\u00edamos imaginar eso. Se\u00f1ores, no deber\u00edamos imaginar que, ante una recriminaci\u00f3n de los periodistas de los medios tradicionales, Evo Morales respondiese: <span style=\"background-color:yellow\">\u00abhablo aymara porque es una lengua oficial del Estado Plurinacional y porque es mi lengua\u00bb<\/span>. Eso querr\u00eda no imaginarlo pero tengo que hacerlo porque aquel hombre que dijo un d\u00eda que su revoluci\u00f3n era \u00abdemocr\u00e1tica y <strong>cultural<\/strong>\u00bb <span style=\"background-color:yellow\">ha elegido no hablar aymara y ha elegido no ser un <strong>referente de prestigio<\/strong> para otros hablantes del idioma aymara<\/span>, precisamente ahora, cuando m\u00e1s necesario ser\u00eda ese referente. Escondiendo su lengua aymara, el Presidente le hace mucho da\u00f1o, mucho, no imagina cu\u00e1nto. Los que esper\u00e1bamos una visibilizaci\u00f3n de la lengua aymara en el primer mandato de Morales encabezada por el propio Presidente, muy decepcionados, no tenemos m\u00e1s remedio que imaginar que eso ocurrir\u00e1 en los pr\u00f3ximos cuatro a\u00f1os, aunque no sabemos por qu\u00e9 no se dio ya este paso.<\/p>\n<p>Pero lo verdaderamente revolucionario no es que Evo, o Choque, o Patzi, o Choquehuanca aparezcan en esa noticia imaginaria. Lo que tenemos que imaginar son noticias como esta: \u00abel Director del peri\u00f3dico X usa el aymara como lengua habitual en sus comparecencias p\u00fablicas\u00bb o el presidente del Colegio de Abogados, o el presidente de los comerciantes de la Huyustus, o la funcionaria que le atiende a uno en Correos de Bolivia, o el voceador del minib\u00fas. La revoluci\u00f3n no es que ellos aprendan a hablar aymara, sino que empiecen a usar en p\u00fablico ese aymara que ya saben hablar.<\/p>\n<p>Evo, necesitamos que Ud. Hable aymara.<\/p>\n","protected":false},"excerpt":{"rendered":"<p>Usar la imaginaci\u00f3n a veces es posibilista, otras veces es autocomplaciente y me gustar\u00eda que esta vez fuera un acto de rebeld\u00eda cr\u00edtica imaginando las noticias en versi\u00f3n boliviana.<\/p>\n","protected":false},"author":2,"featured_media":0,"comment_status":"open","ping_status":"open","sticky":false,"template":"","format":"standard","meta":{"footnotes":""},"categories":[20],"tags":[5,22,4,30,61,62,120,23],"class_list":["post-366","post","type-post","status-publish","format-standard","hentry","category-actitudes","tag-aimara","tag-attitudes","tag-aymara","tag-bolivia","tag-catalan","tag-evo-morales","tag-politica","tag-politics"],"_links":{"self":[{"href":"https:\/\/www.aymara.org\/lengua\/wp-json\/wp\/v2\/posts\/366","targetHints":{"allow":["GET"]}}],"collection":[{"href":"https:\/\/www.aymara.org\/lengua\/wp-json\/wp\/v2\/posts"}],"about":[{"href":"https:\/\/www.aymara.org\/lengua\/wp-json\/wp\/v2\/types\/post"}],"author":[{"embeddable":true,"href":"https:\/\/www.aymara.org\/lengua\/wp-json\/wp\/v2\/users\/2"}],"replies":[{"embeddable":true,"href":"https:\/\/www.aymara.org\/lengua\/wp-json\/wp\/v2\/comments?post=366"}],"version-history":[{"count":3,"href":"https:\/\/www.aymara.org\/lengua\/wp-json\/wp\/v2\/posts\/366\/revisions"}],"predecessor-version":[{"id":412,"href":"https:\/\/www.aymara.org\/lengua\/wp-json\/wp\/v2\/posts\/366\/revisions\/412"}],"wp:attachment":[{"href":"https:\/\/www.aymara.org\/lengua\/wp-json\/wp\/v2\/media?parent=366"}],"wp:term":[{"taxonomy":"category","embeddable":true,"href":"https:\/\/www.aymara.org\/lengua\/wp-json\/wp\/v2\/categories?post=366"},{"taxonomy":"post_tag","embeddable":true,"href":"https:\/\/www.aymara.org\/lengua\/wp-json\/wp\/v2\/tags?post=366"}],"curies":[{"name":"wp","href":"https:\/\/api.w.org\/{rel}","templated":true}]}}