{"id":347,"date":"2009-12-11T11:36:11","date_gmt":"2009-12-11T15:36:11","guid":{"rendered":"http:\/\/www.lengua-aymara.com\/?p=347"},"modified":"2009-12-22T14:50:28","modified_gmt":"2009-12-22T18:50:28","slug":"el-brillo-de-la-lealtad-al-idioma","status":"publish","type":"post","link":"https:\/\/www.aymara.org\/lengua\/2009\/el-brillo-de-la-lealtad-al-idioma\/","title":{"rendered":"El brillo de la lealtad al idioma"},"content":{"rendered":"<p>Al final, todo est\u00e1 en manos de los hablantes. Una propaganda poderosa para una lengua es que sus hablantes est\u00e9n comprometidos con la misma. <!--more-->Cuando no lo est\u00e1n \u2014no hay que dudarlo\u2014 eso tambi\u00e9n crea una <a href=\"http:\/\/www.aymara.org\/lengua\/la-amenaza-de-nelson\/\">propaganda muy negativa<\/a> que es contra la lengua. Hace unos d\u00edas <strong>Josep Guardiola<\/strong>, entrenador del <a href=\"http:\/\/es.wikipedia.org\/wiki\/F%C3%BAtbol_Club_Barcelona\">FC Barcelona<\/a> (<a href=\"http:\/\/www.fcbarcelona.com\/web\/catala\/\">+<\/a>), nos dio una lecci\u00f3n de c\u00f3mo, sin hacer nada especial, la simple <strong>lealtad personal<\/strong> a la lengua de uno puede hacer algo tan importante por ella como ponerla en el mapa y hacer que otros la reconozcan.<span style=\"text-decoration: underline;\"><br \/>\n<\/span><\/p>\n<p>Los antecedentes: el FC Barcelona se clasifica para octavos de final de la UEFA Champions League 2009-10 gan\u00e1ndole al Dynamo de Kiev en la propia Kiev. Al final del partido se produce una rueda de prensa. Continuemos el episodio, tal como lo narra el diario El Mundo, en su edici\u00f3n del 10 de diciembre de 2009:<\/p>\n<blockquote><p>\u2026 los periodistas ucranianos aprovecharon para preguntarle [\u2026] por qu\u00e9 utiliza el catal\u00e1n en comparecencias de prensa\u2026<\/p><\/blockquote>\n<p>La situaci\u00f3n del <a href=\"http:\/\/es.wikipedia.org\/wiki\/Idioma_catal%C3%A1n\">idioma catal\u00e1n<\/a>, aunque cuantitativamente mejor en todos sus indicadores, comparte con el idioma aymara cierta realidad cualitativa: ambas son <strong>lenguas minorizadas<\/strong> dentro de estados que tienen al castellano como lengua oficial. El catal\u00e1n es la lengua propia de Catalu\u00f1a, una regi\u00f3n de Espa\u00f1a con una indudable historia vertebrada a trav\u00e9s de una lengua y una identidad propias. Se enfrenta a los mismos retos que cualquier otra lengua minorizada y, debido al relativo \u00e9xito de las pol\u00edticas y actitudes de los catalanes hacia su lengua, es sin duda una de las experiencias de reivindicaci\u00f3n ling\u00fc\u00edstica de referencia en Europa.<\/p>\n<p><img loading=\"lazy\" decoding=\"async\" class=\"alignright\" src=\"http:\/\/lh6.ggpht.com\/_iv8atqPh7oA\/SyJoXHKr5bI\/AAAAAAAACJs\/Bcyvw5rr3fo\/s288\/guardiola001.jpg\" alt=\"Josep Guardiola\" width=\"231\" height=\"288\" \/>Guardiola es pol\u00edglota y suele intervenir en sus ruedas de prensa en idiomas tan dispares como el ingl\u00e9s, el castellano, el italiano o el catal\u00e1n. Los medios de prensa de Catalu\u00f1a mandan enviados especiales a cualquier sitio donde juegue el FC Barcelona. Guardiola, naturalmente, a los periodistas catalanes, les atiende en catal\u00e1n, que adem\u00e1s es su lengua materna (\u00e9l naci\u00f3 en Santpedor, Barcelona). Aqu\u00ed vemos las distintas actitudes que se tienen hacia lenguas diferentes, dependiendo de si son lenguas avaladas por un estado o son lenguas minorizadas. Nadie preguntar\u00eda a un entrenador dan\u00e9s sobre por qu\u00e9 responde en dan\u00e9s (una lengua con menos hablantes que el catal\u00e1n, pero idioma de una estado) a unos periodistas daneses, pero que Guardiola responda en catal\u00e1n motiva una pregunta de los periodistas ucranianos. Hasta aqu\u00ed los antecedentes.<\/p>\n<p>La respuesta de este ex-futbolista es probablemente el manifiesto m\u00e1s corto y directo en defensa de una lengua minorizada. Jam\u00e1s se lo oiremos en Per\u00fa o Bolivia y quiz\u00e1 Chile a un intelectual o bur\u00f3crata profesionalizado en \u00ablenguas ind\u00edgenas\u00bb.<\/p>\n<blockquote><p>Es nuestra lengua.<\/p><\/blockquote>\n<p>Es decir, Guardiola no habla catal\u00e1n porque tenga m\u00e1s o menos hablantes, porque cuente o no con la bendici\u00f3n de un estado o por otras cosas pasajeras. Guardiola usa el catal\u00e1n porque es <strong>su lengua<\/strong> y punto. Luego a\u00f1ade algo m\u00e1s.<\/p>\n<blockquote><p>Somos un pa\u00eds con una lengua propia y, cuando salimos, los que la usamos, la hablamos.<\/p><\/blockquote>\n<p>Es decir, Guardiola se dedica al futbol, no a la promoci\u00f3n de lenguas. La usa porque es normal para \u00e9l usarla, porque s\u00ed la habla, no porque le paguen para hablarla: \u00ablos que la usamos, la hablamos\u00bb. Precisamente esa naturalidad en el uso de la lengua es lo que convierte a Guardiola en un embajador perfecto del catal\u00e1n, no solo en Ucrania, sino en cualquier lugar del mundo a donde vaya.<\/p>\n<p>En Ucrania, donde tambi\u00e9n existe una sensibilidad ling\u00fc\u00edstica especial hacia el idioma ucraniano frente al ruso, la cosa no pod\u00eda acabar de otra manera, con una ovaci\u00f3n.<\/p>\n<blockquote><p>Los periodistas ucranianos aplaudieron en bloque la respuesta del entrenador\u2026<\/p><\/blockquote>\n<p>Y esta es la historia de c\u00f3mo Josep Guardiola, un tipo que gana millones de d\u00f3lares, haciendo lo que hace todos los d\u00edas \u2014hablar su lengua materna\u2014 se convirti\u00f3 en la inspiraci\u00f3n de otros en Ucrania y en este peque\u00f1o rinc\u00f3n del ciberespacio desde donde un servidor hace lo que puede para contarlo.<\/p>\n<p>No nos enga\u00f1emos, las actitudes cotidianas lo son todo. Guardiola, sin saberlo, se\u00f1ala el \u00fanico camino verdadero hacia la conservaci\u00f3n de una lengua en peligro: hablarla.<\/p>\n<p>Una pregunta para bolivianos o peruanos: Un profesional nativo, sobre todo si tiene \u00e9xito y dinero \u00bfseguir\u00e1 hablando aymara en p\u00fablico? \u00bfo fingir\u00e1 no acordarse de c\u00f3mo hablar su lengua materna? Los profesionales catalanes refuerzan la lengua catalana mediante el uso, los profesionales aymaras invisibilizan la lengua aymara porque se averg\u00fcenzan de usarla. Y lo dem\u00e1s es cuento.<\/p>\n<p>Termino como empec\u00e9. Todo est\u00e1 en manos de los hablantes.<\/p>\n<p><strong>Actualizaci\u00f3n:<\/strong> Leo en un <a href=\"http:\/\/foros.ozu.es\/index.php?topic=39461.msg70655;topicseen\">foro<\/a> el testimonio de alguien que asegura haber escuchado toda la rueda de prensa en la TV. Cito.<\/p>\n<blockquote><p>\u2026 ayer un periodista de Kiev le pregunt\u00f3 \u00absi tan importante\u00bb era esta lengua [el catal\u00e1n] como para haber dado tantas respuestas con ella [\u2026] Contest\u00f3 \u00ab<strong>no s\u00e9 si es muy importante pero es mi lengua<\/strong>, con la que me desenvuelvo y con la que contesto, cuando se dirigen a m\u00ed en ella, est\u00e9 en mi casa o fuera de ella\u00bb\u2026<\/p><\/blockquote>\n<p>Repito. Inspirador.<\/p>\n<p><strong>Actualizaci\u00f3n 2009-12-22:<\/strong> La noticia original en El Mundo<\/p>\n<p><object style=\"width:420px;height:578px\" ><param name=\"movie\" value=\"http:\/\/static.issuu.com\/webembed\/viewers\/style1\/v1\/IssuuViewer.swf?mode=embed&amp;viewMode=presentation&amp;layout=http%3A%2F%2Fskin.issuu.com%2Fv%2Flight%2Flayout.xml&amp;showFlipBtn=true&amp;documentId=091222183737-ad8c4a525f2e44c9a4aa045a748d0fd1&amp;docName=guardiola-lengua-propia-001&amp;username=acondori&amp;loadingInfoText=%22Somos%20un%20pa%C3%ADs%20con%20lengua%20propia%22%2C%20El%20Mundo%2C%2010%20de%20diciembre%20de%202009&amp;et=1261507451046&amp;er=31\" \/><param name=\"allowfullscreen\" value=\"true\"\/><param name=\"menu\" value=\"false\"\/><embed src=\"http:\/\/static.issuu.com\/webembed\/viewers\/style1\/v1\/IssuuViewer.swf\" type=\"application\/x-shockwave-flash\" allowfullscreen=\"true\" menu=\"false\" style=\"width:420px;height:578px\" flashvars=\"mode=embed&amp;viewMode=presentation&amp;layout=http%3A%2F%2Fskin.issuu.com%2Fv%2Flight%2Flayout.xml&amp;showFlipBtn=true&amp;documentId=091222183737-ad8c4a525f2e44c9a4aa045a748d0fd1&amp;docName=guardiola-lengua-propia-001&amp;username=acondori&amp;loadingInfoText=%22Somos%20un%20pa%C3%ADs%20con%20lengua%20propia%22%2C%20El%20Mundo%2C%2010%20de%20diciembre%20de%202009&amp;et=1261507451046&amp;er=31\" \/><\/object><\/p>\n<p><strong>Fuentes<\/strong><\/p>\n<p style=\"margin-left: 7pt\"><span style=\"font-family:Calibri; font-size:10pt\">GARC\u00cdA, A. <a href=\"http:\/\/www.elmundo.es\/elmundodeporte\/2009\/12\/10\/futbol\/1260415744.html\"><em>Somos un pa\u00eds con lengua propia<\/em><\/a>. El Mundo, Espa\u00f1a; Deportes, F\u00fatbol. 2009-12-10. Consultado el 10 de diciembre de 2009<\/span><\/p>\n","protected":false},"excerpt":{"rendered":"<p>Al final, todo est\u00e1 en manos de los hablantes. Una propaganda poderosa para una lengua es que sus hablantes est\u00e9n comprometidos con la misma.<\/p>\n","protected":false},"author":2,"featured_media":0,"comment_status":"open","ping_status":"open","sticky":false,"template":"","format":"standard","meta":{"footnotes":""},"categories":[20],"tags":[119,5,22,60,61,26,57],"class_list":["post-347","post","type-post","status-publish","format-standard","hentry","category-actitudes","tag-actitudes","tag-aimara","tag-attitudes","tag-aym","tag-catalan","tag-lenguas-minorizadas","tag-minorized-languages"],"_links":{"self":[{"href":"https:\/\/www.aymara.org\/lengua\/wp-json\/wp\/v2\/posts\/347","targetHints":{"allow":["GET"]}}],"collection":[{"href":"https:\/\/www.aymara.org\/lengua\/wp-json\/wp\/v2\/posts"}],"about":[{"href":"https:\/\/www.aymara.org\/lengua\/wp-json\/wp\/v2\/types\/post"}],"author":[{"embeddable":true,"href":"https:\/\/www.aymara.org\/lengua\/wp-json\/wp\/v2\/users\/2"}],"replies":[{"embeddable":true,"href":"https:\/\/www.aymara.org\/lengua\/wp-json\/wp\/v2\/comments?post=347"}],"version-history":[{"count":3,"href":"https:\/\/www.aymara.org\/lengua\/wp-json\/wp\/v2\/posts\/347\/revisions"}],"predecessor-version":[{"id":361,"href":"https:\/\/www.aymara.org\/lengua\/wp-json\/wp\/v2\/posts\/347\/revisions\/361"}],"wp:attachment":[{"href":"https:\/\/www.aymara.org\/lengua\/wp-json\/wp\/v2\/media?parent=347"}],"wp:term":[{"taxonomy":"category","embeddable":true,"href":"https:\/\/www.aymara.org\/lengua\/wp-json\/wp\/v2\/categories?post=347"},{"taxonomy":"post_tag","embeddable":true,"href":"https:\/\/www.aymara.org\/lengua\/wp-json\/wp\/v2\/tags?post=347"}],"curies":[{"name":"wp","href":"https:\/\/api.w.org\/{rel}","templated":true}]}}