{"id":1503,"date":"2015-11-12T11:46:17","date_gmt":"2015-11-12T09:46:17","guid":{"rendered":"http:\/\/www.lengua-aymara.com\/?p=1503"},"modified":"2025-07-13T00:21:47","modified_gmt":"2025-07-12T22:21:47","slug":"que-se-acabe-el-aymara-firmado-doria-medina","status":"publish","type":"post","link":"https:\/\/www.aymara.org\/lengua\/2015\/que-se-acabe-el-aymara-firmado-doria-medina\/","title":{"rendered":"Que se acabe el aymara, firmado: Doria Medina"},"content":{"rendered":"<p><a href=\"http:\/\/res.cloudinary.com\/aymara\/image\/upload\/t_thumb_100_bordered\/v1447281510\/doriamedina_avatar_rsqhgl.jpg\"><img loading=\"lazy\" decoding=\"async\" class=\"alignright wp-image-1511 size-medium\" title=\"Samuel Doria Medina\" src=\"http:\/\/res.cloudinary.com\/aymara\/image\/upload\/t_thumb_100_bordered\/v1447281510\/doriamedina_avatar_rsqhgl.jpg\" alt=\"Avatar en Twitter de Samuel Doria Medina\" width=\"102\" height=\"102\" \/><\/a>Los aymaras no le gustamos nada al presidenciable boliviano Samuel Doria Medina. Nos detesta. Nos desprecia tanto que nos lo dice a nuestra cara porque debe pensar que a\u00fan es temprano para hacer pol\u00edtica electoral en Bolivia y ya nos olvidaremos cuando haya que elegir presidente.<!--more--><\/p>\n<p>Seguro que si al tipo se le ocurre decir \u00abbrindo por un futuro donde el aymara desaparezca y se acabe de una vez\u00bb, El Alto en bloque se habr\u00eda levantado para pedir su cabeza. Samuel, pero, es listo como un zorro y lo que ha dicho, m\u00e1s bien, es que el aymara es para hablar con los abuelitos lindos, que es muy diferente \u00bfno?<\/p>\n<div id=\"attachment_1508\" style=\"width: 510px\" class=\"wp-caption aligncenter\"><img loading=\"lazy\" decoding=\"async\" aria-describedby=\"caption-attachment-1508\" class=\"wp-image-1508\" title=\"title\" src=\"http:\/\/res.cloudinary.com\/aymara\/image\/upload\/v1447279604\/doriamedina_aymara_abuelos_gx8pje.png\" alt=\"@SDoriaMedina: \u00abChino, ingl\u00e9s y espa\u00f1ol ser\u00e1n los idiomas del futuro junto a los lenguages de computaci\u00f3n. Aymara y quechua para hablar con los abuelos\u00bb\" width=\"500\" height=\"270\" \/><p id=\"caption-attachment-1508\" class=\"wp-caption-text\">Doria Medina pasando a la historia\u00a0<a href=\"http:\/\/twitter.com\/SDoriaMedina\/status\/628600927583358976\">en su estado de twitter<\/a><\/p><\/div>\n<p>El c\u00f3mo muere una lengua alcanza al menos para otro art\u00edculo pero lo voy a resumir: <mark>una lengua sin ni\u00f1os y sin j\u00f3venes tiene sus d\u00edas contados. Una lengua que dejamos \u00abpara los abuelos\u00bb no tendr\u00e1 nuevos hablantes y no se transmitir\u00e1.<\/mark> Una lengua que no se transmite, vivir\u00e1 los a\u00f1os que llegue a vivir el que m\u00e1s viva \u2014qui\u00e9n sabe\u2026 40, 50, 70 a\u00f1os\u2014 de sus hablantes actuales. Ni un d\u00eda m\u00e1s. <mark>Un aymara tan s\u00f3lo como lengua de abuelos no tiene futuro. Ni m\u00e1s ni menos.<\/mark><\/p>\n<p>As\u00ed que el mensaje que yo entiendo que nos manda Doria Medina a los aymaras es que quiere que desaparezcamos cuanto antes. Si pudiera nos lo dir\u00eda en aymara <em>\u2014anchhichpachakiw tukusipxa\u00f1ama\u2014<\/em> pero no puede. Doria Medina nos manda a la M pero con sinceridad, lo cual se agradece en un pol\u00edtico. El sentimiento es mutuo.<\/p>\n<p><strong>Actualizaci\u00f3n 2015-11-12:<\/strong><\/p>\n<p>No es que SDM se volvi\u00f3 loco un d\u00eda y escribi\u00f3 algo que no quer\u00eda; ha insistido varias veces en la misma idea contraria a que aymara y quechua est\u00e9n activos en la Administraci\u00f3n P\u00fablica de Bolivia.<\/p>\n<div id=\"attachment_1519\" style=\"width: 510px\" class=\"wp-caption aligncenter\"><img loading=\"lazy\" decoding=\"async\" aria-describedby=\"caption-attachment-1519\" class=\"wp-image-1519\" src=\"http:\/\/res.cloudinary.com\/aymara\/image\/upload\/c_scale,w_500\/v1447352306\/doriamedina_ingles_obukna.png\" alt=\"@SDoriaMedina: \u00abMientras discutimos sobre aymara y quechua en el sector p\u00fablico. En otros pa\u00edses los j\u00f3venes aprenden ingl\u00e9s, chino e idiomas de programaci\u00f3n\u00bb\" width=\"500\" height=\"267\" \/><p id=\"caption-attachment-1519\" class=\"wp-caption-text\">Estan bi\u00e9n el ingl\u00e9s y el chino pero las comas, en castellano, tambi\u00e9n hay que aprender a ponerlas, aunque sea en un twitt (<a href=\"https:\/\/twitter.com\/SDoriaMedina\/status\/628578608278339585\">fuente<\/a>)<\/p><\/div>\n<p>\u00a0<\/p>\n<div id=\"attachment_1520\" style=\"width: 510px\" class=\"wp-caption aligncenter\"><img loading=\"lazy\" decoding=\"async\" aria-describedby=\"caption-attachment-1520\" class=\"wp-image-1520\" title=\"@SDoriaMedina: \u00abEl aprender un idioma nativo debe ser decisi\u00f3n voluntaria. Pero es un exceso que sea un requisito para trabajar en el sector p\u00fablico\u00bb\" src=\"http:\/\/res.cloudinary.com\/aymara\/image\/upload\/c_scale,w_500\/v1447352026\/doriamedina_voluntario_kfespv.png\" alt=\"@SDoriaMedina: \u00abEl aprender un idioma nativo debe ser decisi\u00f3n voluntaria. Pero es un exceso que sea un requisito para trabajar en el sector p\u00fablico\u00bb\" width=\"500\" height=\"264\" \/><p id=\"caption-attachment-1520\" class=\"wp-caption-text\">M\u00e1s problemas con la coma (<a href=\"https:\/\/twitter.com\/SDoriaMedina\/status\/628604135944884224\">fuente<\/a>)<\/p><\/div>\n<p><strong id=\"actualizacion20151123\">Actualizaci\u00f3n 2015-11-23:<\/strong><\/p>\n<p>Que un pol\u00edtico tiene gran facilidad para contradecirse seg\u00fan de d\u00f3nde sople el viento no es algo que vayamos a descubrir hoy pero s\u00ed quiero ilustrar la hipocres\u00eda de este caso concreto, donde vemos a un Doria Medina en Tiquina, Bolivia, tratando de comprar votos aymaras con esta frase bonita \u2014y vac\u00eda, visto lo que ya sabemos que opina sobre el aymara\u2014 pronunciada en nuestra lengua: <strong>\u00abAmparanakamampi amparajampi mayaki sarta\u00f1\u00e4ni\u00bb<\/strong> (es: echemos a caminar unidos mano a mano) \u00a1qu\u00e9 lindo! \u00bfno?<\/p>\n<p><iframe loading=\"lazy\" title=\"Samuel Doria Medina habla en aymara DIALECTO PROSELITISTA\" width=\"640\" height=\"480\" src=\"https:\/\/www.youtube.com\/embed\/6l7eFNHea_I?start=43&#038;feature=oembed\" frameborder=\"0\" allow=\"accelerometer; autoplay; clipboard-write; encrypted-media; gyroscope; picture-in-picture; web-share\" referrerpolicy=\"strict-origin-when-cross-origin\" allowfullscreen><\/iframe><\/p>\n<p>El instante c\u00f3mico es el minuto 00:43 seg, por si youtube no hace el salto directamente.<\/p>\n<p>Una cosa le reconozco a Doria Medina: por lo menos ha intentado hablar aymara en p\u00fablico. <mark>Al Evo Morales <em>primerPresidenteIndioDeBolivia<\/em> todav\u00eda lo estamos esperando a que juegue en esta cancha<\/mark>.<\/p>\n<p><strong id=\"actualizacion20180228\">Actualizaci\u00f3n 2018-02-28:\u00a0<\/strong><\/p>\n<p>\u00bfSaben qu\u00e9? Resulta que poner la necesidad del ingl\u00e9s como excusa \u2014porque es una excusa: el quechua no excluye aprender ingl\u00e9s ni al contrario\u2014 para negarle el pan y la sal a una lengua amerindia en su propio pa\u00eds de origen no es un invento de los bolivianos. No, se\u00f1or. Se trata de una excusa barata que se usa constantemente. Vean:<\/p>\n<p>https:\/\/twitter.com\/elvisocc\/status\/967438370019295232<\/p>\n<p>Y aqu\u00ed, como siempre, lo jugoso est\u00e1 m\u00e1s en los <a href=\"https:\/\/www.facebook.com\/Limagris\/photos\/a.1550750265172426.1073741896.1401570000090454\/2055855587995222\/\">comentarios de facebook<\/a> que en la provocaci\u00f3n que pueda escribir un agitador sin gracia como Elvis Occ.<\/p>\n<p><strong id=\"actualizacion20180807\">Actualizaci\u00f3n 2018-08-07:<\/strong><\/p>\n<p>Volvamos a Doria Medina y a su desverg\u00fcenza electoral. Es impagable esta noticia de 2014 en la que Don Samuel\u00a0se tira sus buenos 45 segundos en dar un <a href=\"https:\/\/web.archive.org\/web\/20180807210351\/https:\/\/oxigeno.bo\/pol%C3%ADtica\/2771\">mensaje radial en aymara<\/a>, donde trata de convencernos de que con \u00e9l el futuro ser\u00e1 maravilloso. <em>M\u00e4 aski marka sartaya\u00f1ani<\/em>\u00a0(levantemos un buen pueblo). Es mejor o\u00edr directamente <a href=\"https:\/\/soundcloud.com\/mayachataymara\/sdm-en-aymara\">el audio<\/a>.<\/p>\n<p><strong id=\"actualizacion20190502\">Actualizaci\u00f3n 2019-05-02:<\/strong><\/p>\n<p>Como dec\u00eda en la actualizaci\u00f3n de febrero de 2018, no hay necesidad de elegir entre quechua e ingl\u00e9s, o entre aymara e ingl\u00e9s, del mismo modo que a nadie se le ocurrir\u00eda la\u00a0estupidez \u2014y es una estupidez bien grande\u2014\u00a0de decir que hay que elegir entre hablar castellano o hablar ingl\u00e9s, porque sabemos que la gente habla m\u00e1s de un idioma con facilidad y nadie es tan <em>se\u00f1or Kojuro<\/em> para decir que si hablas uno no puedes hablar otro,\u00a0pudiendo realmente hablar los dos. Pero si estoy escribiendo esta actualizaci\u00f3n es\u00a0por algo:\u00a0hace unas semanas alguien volvi\u00f3\u00a0<em>por casualidad<\/em>\u00a0a contraponer quechua e ingl\u00e9s. Y, s\u00e9panlo, no es casualidad. Nunca es casualidad. Es un pensamiento enlatado que te dice que el quechua o el aymara son\u00a0lo m\u00e1s recontra atrasado\u00a0porque el ingl\u00e9s es lo m\u00e1s recontra moderno. As\u00ed que cuando, por ejemplo, un congresista peruano quechuahablante (Joaqu\u00edn Dipas, de Fuerza Popular)\u00a0hizo una intervenci\u00f3n en quechua, cosa que puede ser ofensiva para otro congresista m\u00e1s fino \u2014s\u00ed, en pleno siglo XXI hay gente que aun\u00a0<em>se ofende<\/em>\u00a0por o\u00edr hablar quechua\u2014, digamos V\u00edctor Andr\u00e9s Garc\u00eda Bela\u00fande; no es raro que las palabras exactas\u00a0que le grit\u00f3 a Dipas ese\u00a0viejito retardatario\u00a0que es Bela\u00fande fuesen: <a href=\"https:\/\/web.archive.org\/web\/20190502162101\/http:\/\/lucidez.pe\/politica\/congresista-intervino-en-quechua-y-garcia-belaunde-grito-mejor-habla-en-ingles\/\" target=\"_blank\" rel=\"noopener\"><em>!Mejor habla en ingl\u00e9s\u00a1<\/em><\/a>. Leamos entre l\u00edneas; lo que <em>Vitocho<\/em>\u00a0les estaba diciendo a\u00a0los quechuahablantes es que, por favor, no lo ofendieran m\u00e1s hablando ese quechua atrasado delante de \u00e9l. A Don V\u00edctor hay que hablarle en ingl\u00e9s, que es m\u00e1s moderno y m\u00e1s fino.<\/p>\n<p><blockquote class=\"twitter-tweet\" data-width=\"550\" data-dnt=\"true\"><p lang=\"es\" dir=\"ltr\">Congresista Dimas termina su intervenci\u00f3n en quechua y Vitocho grita &quot;mejor habla en ingl\u00e9s&quot;. Acci\u00f3n Popular, pues, aka blankitos out of context<\/p>&mdash; Carlos Luque P. (@luquenukem) <a href=\"https:\/\/twitter.com\/luquenukem\/status\/1114036792368484352?ref_src=twsrc%5Etfw\">April 5, 2019<\/a><\/blockquote><script async src=\"https:\/\/platform.twitter.com\/widgets.js\" charset=\"utf-8\"><\/script><\/p>\n<p><strong id=\"actualizacion20210418\">Actualizaci\u00f3n 2021-04-18:<\/strong><\/p>\n<p>Como dec\u00eda Do\u00f1a Florinda, <em>\u00a1Cu\u00e1ndo no!<\/em><\/p>\n<p><blockquote class=\"twitter-tweet\" data-width=\"550\" data-dnt=\"true\"><p lang=\"es\" dir=\"ltr\">si gana Castillo va mandar que en los colegios se ense\u00f1e quechua en lugar de ingl\u00e9s \ud83e\udd20<\/p>&mdash; m \u273f (@lovesickbird_) <a href=\"https:\/\/twitter.com\/lovesickbird_\/status\/1381812938835685376?ref_src=twsrc%5Etfw\">April 13, 2021<\/a><\/blockquote><script async src=\"https:\/\/platform.twitter.com\/widgets.js\" charset=\"utf-8\"><\/script><\/p>\n<p><strong id=\"actualizacion20250712\">Actualizaci\u00f3n 2025-07-12:<\/strong><\/p>\n<p>\u00bfNo ven, chicos? No se puede andar aprendiendo tanto, tant\u00edsimo, aymara. \u00bfNo ven que as\u00ed no vamos a poder aprender ingl\u00e9s o chino? \u00bfEst\u00e1n locos? \u00bfNo ven que nuestro cerebro ya no nos da para m\u00e1s? \u00bfNo ven que si quiero aprender a decir <em>hello<\/em>, primero tengo que olvidarme de decir <em>kamisaki<\/em>? La vida es muy dura para m\u00ed, que soy medio bruto. \u00a1Ponte en mi lugar pues, Einstein!<\/p>\n<p>\u00bfNo se han dado cuenta que en Bolivia probablemente se hacen m\u00e1s negocios en aymara y en espa\u00f1ol que en ingl\u00e9s o en chino? Por favor, que alguien lleve a este hombre a dar una vuelta por la 16 de Julio o por la Tumusla, o sea, por el mundo real.<\/p>\n<p><blockquote class=\"twitter-tweet\" data-width=\"550\" data-dnt=\"true\"><p lang=\"zxx\" dir=\"ltr\"><a href=\"https:\/\/t.co\/qL05PYEDmn\">pic.twitter.com\/qL05PYEDmn<\/a><\/p>&mdash; Mayachat Aymara (@MayachatAymara) <a href=\"https:\/\/twitter.com\/MayachatAymara\/status\/1944133625647444189?ref_src=twsrc%5Etfw\">July 12, 2025<\/a><\/blockquote><script async src=\"https:\/\/platform.twitter.com\/widgets.js\" charset=\"utf-8\"><\/script><\/p>\n<p>Mejor vean este video como ant\u00eddoto:<\/p>\n<p><blockquote class=\"twitter-tweet\" data-width=\"550\" data-dnt=\"true\"><p lang=\"zxx\" dir=\"ltr\"><a href=\"https:\/\/t.co\/h0twOUQ0mO\">pic.twitter.com\/h0twOUQ0mO<\/a><\/p>&mdash; Mayachat Aymara (@MayachatAymara) <a href=\"https:\/\/twitter.com\/MayachatAymara\/status\/1944158066947076594?ref_src=twsrc%5Etfw\">July 12, 2025<\/a><\/blockquote><script async src=\"https:\/\/platform.twitter.com\/widgets.js\" charset=\"utf-8\"><\/script><\/p>\n\n\n<p><\/p>\n\n\n\n<p><\/p>\n","protected":false},"excerpt":{"rendered":"<p>Un conocido presidenciable boliviano ha dicho en twitter que es mejor que el aymara se acabe de una vez aunque lo ha hecho de una forma m\u00e1s diplom\u00e1tica, eso cree \u00e9l. <a href=\"https:\/\/www.aymara.org\/lengua\/2015\/que-se-acabe-el-aymara-firmado-doria-medina\/\">Sigue leyendo <span class=\"meta-nav\">&rarr;<\/span><\/a><\/p>\n","protected":false},"author":2,"featured_media":0,"comment_status":"open","ping_status":"open","sticky":false,"template":"","format":"standard","meta":{"footnotes":""},"categories":[21],"tags":[119,5,22,4],"class_list":["post-1503","post","type-post","status-publish","format-standard","hentry","category-politica","tag-actitudes","tag-aimara","tag-attitudes","tag-aymara"],"_links":{"self":[{"href":"https:\/\/www.aymara.org\/lengua\/wp-json\/wp\/v2\/posts\/1503","targetHints":{"allow":["GET"]}}],"collection":[{"href":"https:\/\/www.aymara.org\/lengua\/wp-json\/wp\/v2\/posts"}],"about":[{"href":"https:\/\/www.aymara.org\/lengua\/wp-json\/wp\/v2\/types\/post"}],"author":[{"embeddable":true,"href":"https:\/\/www.aymara.org\/lengua\/wp-json\/wp\/v2\/users\/2"}],"replies":[{"embeddable":true,"href":"https:\/\/www.aymara.org\/lengua\/wp-json\/wp\/v2\/comments?post=1503"}],"version-history":[{"count":1,"href":"https:\/\/www.aymara.org\/lengua\/wp-json\/wp\/v2\/posts\/1503\/revisions"}],"predecessor-version":[{"id":1775,"href":"https:\/\/www.aymara.org\/lengua\/wp-json\/wp\/v2\/posts\/1503\/revisions\/1775"}],"wp:attachment":[{"href":"https:\/\/www.aymara.org\/lengua\/wp-json\/wp\/v2\/media?parent=1503"}],"wp:term":[{"taxonomy":"category","embeddable":true,"href":"https:\/\/www.aymara.org\/lengua\/wp-json\/wp\/v2\/categories?post=1503"},{"taxonomy":"post_tag","embeddable":true,"href":"https:\/\/www.aymara.org\/lengua\/wp-json\/wp\/v2\/tags?post=1503"}],"curies":[{"name":"wp","href":"https:\/\/api.w.org\/{rel}","templated":true}]}}